{"id":9001,"date":"2021-10-28T10:30:52","date_gmt":"2021-10-28T09:30:52","guid":{"rendered":"https:\/\/www.monteescalier.net\/france\/?p=9001"},"modified":"2024-11-27T16:06:47","modified_gmt":"2024-11-27T15:06:47","slug":"proche-des-83-ans-et-de-lage-moyen-de-la-perte-dautonomie-on-vous-conseille-pour-une-meilleure-vie-chez-vous","status":"publish","type":"post","link":"https:\/\/www.monteescalier.net\/france\/proche-des-83-ans-et-de-lage-moyen-de-la-perte-dautonomie-on-vous-conseille-pour-une-meilleure-vie-chez-vous\/","title":{"rendered":"Proche des 83 ans et de l&rsquo;\u00e2ge moyen de la perte d&rsquo;autonomie, on vous conseille pour une meilleure vie chez vous."},"content":{"rendered":"<p>Afin de conserver votre ind\u00e9pendance et de continuer \u00e0 vivre dans votre logement le plus longtemps possible, il peut \u00eatre n\u00e9cessaire de reconsid\u00e9rer vos espaces de vie et de les r\u00e9am\u00e9nager pour les adapter \u00e0 vos besoins. Un aper\u00e7u des travaux \u00e0 pr\u00e9voir. Au fil des ann\u00e9es, vous avez constat\u00e9 qu&rsquo;il est devenu de plus en plus difficile de se d\u00e9placer et d&rsquo;effectuer certaines activit\u00e9s quotidiennes (comme laver les v\u00eatements ou pr\u00e9parer les repas). Cette situation augmente les risques de chute. En France, pr\u00e8s de 450 000 personnes de plus de 65 ans en sont victimes chaque ann\u00e9e. Pour votre s\u00e9curit\u00e9 et votre confort, il est important d&rsquo;am\u00e9nager votre habitat imm\u00e9diatement.<\/p>\n<p><b>D\u2019abord la cuisine<\/b>. Pour faciliter l&rsquo;acc\u00e8s aux cuisini\u00e8res, plans de travail et ustensiles, vous devrez peut-\u00eatre v\u00e9rifier la hauteur des meubles de cuisine. Par cons\u00e9quent, ne rangez aucun n\u00e9cessaire dans l&rsquo;armoire haute hors de votre port\u00e9e, de sorte que vous n&rsquo;ayez pas \u00e0 monter sur l&rsquo;\u00e9chelle lorsque vous l&rsquo;utilisez. Afin de transporter de la vaisselle lourde, vous pouvez \u00e9galement vous procurer une table d&rsquo;appoint roulante.<\/p>\n<p><b>\u00a0Couloir, hall d\u2019immeuble ou premier \u00e9tage<\/b>. Si votre maison n&rsquo;a qu&rsquo;un \u00e9tage, monter et descendre les escaliers sera fatiguant, mais c&rsquo;est aussi dangereux. Am\u00e9nagez la pi\u00e8ce de base au premier \u00e9tage. Si le r\u00e9sultat est trop compliqu\u00e9, installez au moins une rampe \u00e0 vos escaliers. Cependant, si votre budget le permet, le choix id\u00e9al reste un monte-escaliers qui est plus pratique et plus s\u00fbr.<\/p>\n<p><b>Attention aux choses encombrantes<\/b>. En r\u00e8gle g\u00e9n\u00e9rale, veuillez garder \u00e0 l&rsquo;esprit les obstacles qui entravent vos pas, que ce soit dans le salon ou la salle de bain, nettoyer et d\u00e9barrasser au maximum car tout \u00e7a repr\u00e9sente un risque de choc qui peut \u00eatre fatal \u00e0 un \u00e2ge avanc\u00e9.<\/p>\n<p><b>La lumi\u00e8re<\/b>. Pour \u00e9viter les chocs et les chutes il est aussi important d\u2019avoir la meilleure vision possible chez vous. Ajoutez des ampoules ou des lampes diverses dans les endroits ou la luminosit\u00e9 n\u2019est pas \u00e9lev\u00e9e et si vous en avez les moyens vous pouvez aussi faire installer des syst\u00e8mes de commande d&rsquo;\u00e9clairage automatique par exemple.<\/p>\n<p>Vous pouvez aussi avoir recours \u00e0 l&rsquo;APA(l&rsquo;aide personnalis\u00e9e \u00e0 l\u2019autonomie) et au PCH (prestation de compensation du handicap), qui d\u00e9pend des revenus.<\/p>\n","protected":false},"excerpt":{"rendered":"<p>Afin de conserver votre ind\u00e9pendance et de continuer \u00e0 vivre dans votre logement le plus longtemps possible, il peut \u00eatre n\u00e9cessaire de reconsid\u00e9rer vos espaces de vie et de les r\u00e9am\u00e9nager pour les adapter \u00e0 vos besoins. Un aper\u00e7u des travaux \u00e0 pr\u00e9voir. Au fil des ann\u00e9es, vous avez constat\u00e9 qu&rsquo;il est devenu de plus [&hellip;]<\/p>\n","protected":false},"author":1,"featured_media":0,"comment_status":"open","ping_status":"open","sticky":false,"template":"","format":"standard","meta":{"_monsterinsights_skip_tracking":false,"_monsterinsights_sitenote_active":false,"_monsterinsights_sitenote_note":"","_monsterinsights_sitenote_category":0,"footnotes":""},"categories":[5],"tags":[],"class_list":["post-9001","post","type-post","status-publish","format-standard","hentry","category-actualite-du-monte-escalier"],"yoast_head":"<!-- This site is optimized with the Yoast SEO plugin v26.3 - https:\/\/yoast.com\/wordpress\/plugins\/seo\/ -->\n<title>Proche des 83 ans et de l&#039;\u00e2ge moyen de la perte d&#039;autonomie, on vous conseille pour une meilleure vie chez vous. - Monte escalier<\/title>\n<meta name=\"description\" content=\"Lorsque l&#039;age fatidique de la perte d&#039;autonomie arrive, on est de moins en moins conscient des choses qui nous aides pour continuer une vie facile.\" \/>\n<meta name=\"robots\" content=\"index, follow, max-snippet:-1, max-image-preview:large, max-video-preview:-1\" \/>\n<link rel=\"canonical\" href=\"https:\/\/www.monteescalier.net\/france\/proche-des-83-ans-et-de-lage-moyen-de-la-perte-dautonomie-on-vous-conseille-pour-une-meilleure-vie-chez-vous\/\" \/>\n<meta property=\"og:locale\" content=\"fr_FR\" \/>\n<meta property=\"og:type\" content=\"article\" \/>\n<meta property=\"og:title\" content=\"Proche des 83 ans et de l&#039;\u00e2ge moyen de la perte d&#039;autonomie, on vous conseille pour une meilleure vie chez vous. - Monte escalier\" \/>\n<meta property=\"og:description\" content=\"Lorsque l&#039;age fatidique de la perte d&#039;autonomie arrive, on est de moins en moins conscient des choses qui nous aides pour continuer une vie facile.\" \/>\n<meta property=\"og:url\" content=\"https:\/\/www.monteescalier.net\/france\/proche-des-83-ans-et-de-lage-moyen-de-la-perte-dautonomie-on-vous-conseille-pour-une-meilleure-vie-chez-vous\/\" \/>\n<meta property=\"og:site_name\" content=\"Monte escalier\" \/>\n<meta property=\"article:published_time\" content=\"2021-10-28T09:30:52+00:00\" \/>\n<meta property=\"article:modified_time\" content=\"2024-11-27T15:06:47+00:00\" \/>\n<meta name=\"author\" content=\"Digiplace\" \/>\n<meta name=\"twitter:card\" content=\"summary_large_image\" \/>\n<meta name=\"twitter:label1\" content=\"\u00c9crit par\" \/>\n\t<meta name=\"twitter:data1\" content=\"Digiplace\" \/>\n\t<meta name=\"twitter:label2\" content=\"Dur\u00e9e de lecture estim\u00e9e\" \/>\n\t<meta name=\"twitter:data2\" content=\"2 minutes\" \/>\n<script type=\"application\/ld+json\" class=\"yoast-schema-graph\">{\"@context\":\"https:\/\/schema.org\",\"@graph\":[{\"@type\":\"Article\",\"@id\":\"https:\/\/www.monteescalier.net\/france\/proche-des-83-ans-et-de-lage-moyen-de-la-perte-dautonomie-on-vous-conseille-pour-une-meilleure-vie-chez-vous\/#article\",\"isPartOf\":{\"@id\":\"https:\/\/www.monteescalier.net\/france\/proche-des-83-ans-et-de-lage-moyen-de-la-perte-dautonomie-on-vous-conseille-pour-une-meilleure-vie-chez-vous\/\"},\"author\":{\"name\":\"Digiplace\",\"@id\":\"https:\/\/www.monteescalier.net\/france\/#\/schema\/person\/5c97772c9f44e5c97f990394cf199a41\"},\"headline\":\"Proche des 83 ans et de l&rsquo;\u00e2ge moyen de la perte d&rsquo;autonomie, on vous conseille pour une meilleure vie chez vous.\",\"datePublished\":\"2021-10-28T09:30:52+00:00\",\"dateModified\":\"2024-11-27T15:06:47+00:00\",\"mainEntityOfPage\":{\"@id\":\"https:\/\/www.monteescalier.net\/france\/proche-des-83-ans-et-de-lage-moyen-de-la-perte-dautonomie-on-vous-conseille-pour-une-meilleure-vie-chez-vous\/\"},\"wordCount\":438,\"commentCount\":0,\"publisher\":{\"@id\":\"https:\/\/www.monteescalier.net\/france\/#organization\"},\"articleSection\":[\"actualit\u00e9 du monte escalier\"],\"inLanguage\":\"fr-FR\",\"potentialAction\":[{\"@type\":\"CommentAction\",\"name\":\"Comment\",\"target\":[\"https:\/\/www.monteescalier.net\/france\/proche-des-83-ans-et-de-lage-moyen-de-la-perte-dautonomie-on-vous-conseille-pour-une-meilleure-vie-chez-vous\/#respond\"]}]},{\"@type\":\"WebPage\",\"@id\":\"https:\/\/www.monteescalier.net\/france\/proche-des-83-ans-et-de-lage-moyen-de-la-perte-dautonomie-on-vous-conseille-pour-une-meilleure-vie-chez-vous\/\",\"url\":\"https:\/\/www.monteescalier.net\/france\/proche-des-83-ans-et-de-lage-moyen-de-la-perte-dautonomie-on-vous-conseille-pour-une-meilleure-vie-chez-vous\/\",\"name\":\"Proche des 83 ans et de l'\u00e2ge moyen de la perte d'autonomie, on vous conseille pour une meilleure vie chez vous. - Monte escalier\",\"isPartOf\":{\"@id\":\"https:\/\/www.monteescalier.net\/france\/#website\"},\"datePublished\":\"2021-10-28T09:30:52+00:00\",\"dateModified\":\"2024-11-27T15:06:47+00:00\",\"description\":\"Lorsque l'age fatidique de la perte d'autonomie arrive, on est de moins en moins conscient des choses qui nous aides pour continuer une vie facile.\",\"breadcrumb\":{\"@id\":\"https:\/\/www.monteescalier.net\/france\/proche-des-83-ans-et-de-lage-moyen-de-la-perte-dautonomie-on-vous-conseille-pour-une-meilleure-vie-chez-vous\/#breadcrumb\"},\"inLanguage\":\"fr-FR\",\"potentialAction\":[{\"@type\":\"ReadAction\",\"target\":[\"https:\/\/www.monteescalier.net\/france\/proche-des-83-ans-et-de-lage-moyen-de-la-perte-dautonomie-on-vous-conseille-pour-une-meilleure-vie-chez-vous\/\"]}]},{\"@type\":\"BreadcrumbList\",\"@id\":\"https:\/\/www.monteescalier.net\/france\/proche-des-83-ans-et-de-lage-moyen-de-la-perte-dautonomie-on-vous-conseille-pour-une-meilleure-vie-chez-vous\/#breadcrumb\",\"itemListElement\":[{\"@type\":\"ListItem\",\"position\":1,\"name\":\"Accueil\",\"item\":\"https:\/\/www.monteescalier.net\/france\/\"},{\"@type\":\"ListItem\",\"position\":2,\"name\":\"Proche des 83 ans et de l&rsquo;\u00e2ge moyen de la perte d&rsquo;autonomie, on vous conseille pour une meilleure vie chez vous.\"}]},{\"@type\":\"WebSite\",\"@id\":\"https:\/\/www.monteescalier.net\/france\/#website\",\"url\":\"https:\/\/www.monteescalier.net\/france\/\",\"name\":\"Monte escalier\",\"description\":\"\",\"publisher\":{\"@id\":\"https:\/\/www.monteescalier.net\/france\/#organization\"},\"potentialAction\":[{\"@type\":\"SearchAction\",\"target\":{\"@type\":\"EntryPoint\",\"urlTemplate\":\"https:\/\/www.monteescalier.net\/france\/?s={search_term_string}\"},\"query-input\":{\"@type\":\"PropertyValueSpecification\",\"valueRequired\":true,\"valueName\":\"search_term_string\"}}],\"inLanguage\":\"fr-FR\"},{\"@type\":\"Organization\",\"@id\":\"https:\/\/www.monteescalier.net\/france\/#organization\",\"name\":\"monte-escalier.net\",\"url\":\"https:\/\/www.monteescalier.net\/france\/\",\"logo\":{\"@type\":\"ImageObject\",\"inLanguage\":\"fr-FR\",\"@id\":\"https:\/\/www.monteescalier.net\/france\/#\/schema\/logo\/image\/\",\"url\":\"https:\/\/www.monteescalier.net\/france\/wp-content\/uploads\/2016\/10\/4devis-mont-escalier-500-500.gif\",\"contentUrl\":\"https:\/\/www.monteescalier.net\/france\/wp-content\/uploads\/2016\/10\/4devis-mont-escalier-500-500.gif\",\"width\":500,\"height\":500,\"caption\":\"monte-escalier.net\"},\"image\":{\"@id\":\"https:\/\/www.monteescalier.net\/france\/#\/schema\/logo\/image\/\"}},{\"@type\":\"Person\",\"@id\":\"https:\/\/www.monteescalier.net\/france\/#\/schema\/person\/5c97772c9f44e5c97f990394cf199a41\",\"name\":\"Digiplace\",\"image\":{\"@type\":\"ImageObject\",\"inLanguage\":\"fr-FR\",\"@id\":\"https:\/\/www.monteescalier.net\/france\/#\/schema\/person\/image\/\",\"url\":\"https:\/\/secure.gravatar.com\/avatar\/87a503afc2e00b04ef7e1c791a2816b301d6637f113e4447ff4d009e589a6668?s=96&d=mm&r=g\",\"contentUrl\":\"https:\/\/secure.gravatar.com\/avatar\/87a503afc2e00b04ef7e1c791a2816b301d6637f113e4447ff4d009e589a6668?s=96&d=mm&r=g\",\"caption\":\"Digiplace\"}}]}<\/script>\n<!-- \/ Yoast SEO plugin. -->","yoast_head_json":{"title":"Proche des 83 ans et de l'\u00e2ge moyen de la perte d'autonomie, on vous conseille pour une meilleure vie chez vous. - Monte escalier","description":"Lorsque l'age fatidique de la perte d'autonomie arrive, on est de moins en moins conscient des choses qui nous aides pour continuer une vie facile.","robots":{"index":"index","follow":"follow","max-snippet":"max-snippet:-1","max-image-preview":"max-image-preview:large","max-video-preview":"max-video-preview:-1"},"canonical":"https:\/\/www.monteescalier.net\/france\/proche-des-83-ans-et-de-lage-moyen-de-la-perte-dautonomie-on-vous-conseille-pour-une-meilleure-vie-chez-vous\/","og_locale":"fr_FR","og_type":"article","og_title":"Proche des 83 ans et de l'\u00e2ge moyen de la perte d'autonomie, on vous conseille pour une meilleure vie chez vous. - Monte escalier","og_description":"Lorsque l'age fatidique de la perte d'autonomie arrive, on est de moins en moins conscient des choses qui nous aides pour continuer une vie facile.","og_url":"https:\/\/www.monteescalier.net\/france\/proche-des-83-ans-et-de-lage-moyen-de-la-perte-dautonomie-on-vous-conseille-pour-une-meilleure-vie-chez-vous\/","og_site_name":"Monte escalier","article_published_time":"2021-10-28T09:30:52+00:00","article_modified_time":"2024-11-27T15:06:47+00:00","author":"Digiplace","twitter_card":"summary_large_image","twitter_misc":{"\u00c9crit par":"Digiplace","Dur\u00e9e de lecture estim\u00e9e":"2 minutes"},"schema":{"@context":"https:\/\/schema.org","@graph":[{"@type":"Article","@id":"https:\/\/www.monteescalier.net\/france\/proche-des-83-ans-et-de-lage-moyen-de-la-perte-dautonomie-on-vous-conseille-pour-une-meilleure-vie-chez-vous\/#article","isPartOf":{"@id":"https:\/\/www.monteescalier.net\/france\/proche-des-83-ans-et-de-lage-moyen-de-la-perte-dautonomie-on-vous-conseille-pour-une-meilleure-vie-chez-vous\/"},"author":{"name":"Digiplace","@id":"https:\/\/www.monteescalier.net\/france\/#\/schema\/person\/5c97772c9f44e5c97f990394cf199a41"},"headline":"Proche des 83 ans et de l&rsquo;\u00e2ge moyen de la perte d&rsquo;autonomie, on vous conseille pour une meilleure vie chez vous.","datePublished":"2021-10-28T09:30:52+00:00","dateModified":"2024-11-27T15:06:47+00:00","mainEntityOfPage":{"@id":"https:\/\/www.monteescalier.net\/france\/proche-des-83-ans-et-de-lage-moyen-de-la-perte-dautonomie-on-vous-conseille-pour-une-meilleure-vie-chez-vous\/"},"wordCount":438,"commentCount":0,"publisher":{"@id":"https:\/\/www.monteescalier.net\/france\/#organization"},"articleSection":["actualit\u00e9 du monte escalier"],"inLanguage":"fr-FR","potentialAction":[{"@type":"CommentAction","name":"Comment","target":["https:\/\/www.monteescalier.net\/france\/proche-des-83-ans-et-de-lage-moyen-de-la-perte-dautonomie-on-vous-conseille-pour-une-meilleure-vie-chez-vous\/#respond"]}]},{"@type":"WebPage","@id":"https:\/\/www.monteescalier.net\/france\/proche-des-83-ans-et-de-lage-moyen-de-la-perte-dautonomie-on-vous-conseille-pour-une-meilleure-vie-chez-vous\/","url":"https:\/\/www.monteescalier.net\/france\/proche-des-83-ans-et-de-lage-moyen-de-la-perte-dautonomie-on-vous-conseille-pour-une-meilleure-vie-chez-vous\/","name":"Proche des 83 ans et de l'\u00e2ge moyen de la perte d'autonomie, on vous conseille pour une meilleure vie chez vous. - Monte escalier","isPartOf":{"@id":"https:\/\/www.monteescalier.net\/france\/#website"},"datePublished":"2021-10-28T09:30:52+00:00","dateModified":"2024-11-27T15:06:47+00:00","description":"Lorsque l'age fatidique de la perte d'autonomie arrive, on est de moins en moins conscient des choses qui nous aides pour continuer une vie facile.","breadcrumb":{"@id":"https:\/\/www.monteescalier.net\/france\/proche-des-83-ans-et-de-lage-moyen-de-la-perte-dautonomie-on-vous-conseille-pour-une-meilleure-vie-chez-vous\/#breadcrumb"},"inLanguage":"fr-FR","potentialAction":[{"@type":"ReadAction","target":["https:\/\/www.monteescalier.net\/france\/proche-des-83-ans-et-de-lage-moyen-de-la-perte-dautonomie-on-vous-conseille-pour-une-meilleure-vie-chez-vous\/"]}]},{"@type":"BreadcrumbList","@id":"https:\/\/www.monteescalier.net\/france\/proche-des-83-ans-et-de-lage-moyen-de-la-perte-dautonomie-on-vous-conseille-pour-une-meilleure-vie-chez-vous\/#breadcrumb","itemListElement":[{"@type":"ListItem","position":1,"name":"Accueil","item":"https:\/\/www.monteescalier.net\/france\/"},{"@type":"ListItem","position":2,"name":"Proche des 83 ans et de l&rsquo;\u00e2ge moyen de la perte d&rsquo;autonomie, on vous conseille pour une meilleure vie chez vous."}]},{"@type":"WebSite","@id":"https:\/\/www.monteescalier.net\/france\/#website","url":"https:\/\/www.monteescalier.net\/france\/","name":"Monte escalier","description":"","publisher":{"@id":"https:\/\/www.monteescalier.net\/france\/#organization"},"potentialAction":[{"@type":"SearchAction","target":{"@type":"EntryPoint","urlTemplate":"https:\/\/www.monteescalier.net\/france\/?s={search_term_string}"},"query-input":{"@type":"PropertyValueSpecification","valueRequired":true,"valueName":"search_term_string"}}],"inLanguage":"fr-FR"},{"@type":"Organization","@id":"https:\/\/www.monteescalier.net\/france\/#organization","name":"monte-escalier.net","url":"https:\/\/www.monteescalier.net\/france\/","logo":{"@type":"ImageObject","inLanguage":"fr-FR","@id":"https:\/\/www.monteescalier.net\/france\/#\/schema\/logo\/image\/","url":"https:\/\/www.monteescalier.net\/france\/wp-content\/uploads\/2016\/10\/4devis-mont-escalier-500-500.gif","contentUrl":"https:\/\/www.monteescalier.net\/france\/wp-content\/uploads\/2016\/10\/4devis-mont-escalier-500-500.gif","width":500,"height":500,"caption":"monte-escalier.net"},"image":{"@id":"https:\/\/www.monteescalier.net\/france\/#\/schema\/logo\/image\/"}},{"@type":"Person","@id":"https:\/\/www.monteescalier.net\/france\/#\/schema\/person\/5c97772c9f44e5c97f990394cf199a41","name":"Digiplace","image":{"@type":"ImageObject","inLanguage":"fr-FR","@id":"https:\/\/www.monteescalier.net\/france\/#\/schema\/person\/image\/","url":"https:\/\/secure.gravatar.com\/avatar\/87a503afc2e00b04ef7e1c791a2816b301d6637f113e4447ff4d009e589a6668?s=96&d=mm&r=g","contentUrl":"https:\/\/secure.gravatar.com\/avatar\/87a503afc2e00b04ef7e1c791a2816b301d6637f113e4447ff4d009e589a6668?s=96&d=mm&r=g","caption":"Digiplace"}}]}},"_links":{"self":[{"href":"https:\/\/www.monteescalier.net\/france\/wp-json\/wp\/v2\/posts\/9001","targetHints":{"allow":["GET"]}}],"collection":[{"href":"https:\/\/www.monteescalier.net\/france\/wp-json\/wp\/v2\/posts"}],"about":[{"href":"https:\/\/www.monteescalier.net\/france\/wp-json\/wp\/v2\/types\/post"}],"author":[{"embeddable":true,"href":"https:\/\/www.monteescalier.net\/france\/wp-json\/wp\/v2\/users\/1"}],"replies":[{"embeddable":true,"href":"https:\/\/www.monteescalier.net\/france\/wp-json\/wp\/v2\/comments?post=9001"}],"version-history":[{"count":2,"href":"https:\/\/www.monteescalier.net\/france\/wp-json\/wp\/v2\/posts\/9001\/revisions"}],"predecessor-version":[{"id":9208,"href":"https:\/\/www.monteescalier.net\/france\/wp-json\/wp\/v2\/posts\/9001\/revisions\/9208"}],"wp:attachment":[{"href":"https:\/\/www.monteescalier.net\/france\/wp-json\/wp\/v2\/media?parent=9001"}],"wp:term":[{"taxonomy":"category","embeddable":true,"href":"https:\/\/www.monteescalier.net\/france\/wp-json\/wp\/v2\/categories?post=9001"},{"taxonomy":"post_tag","embeddable":true,"href":"https:\/\/www.monteescalier.net\/france\/wp-json\/wp\/v2\/tags?post=9001"}],"curies":[{"name":"wp","href":"https:\/\/api.w.org\/{rel}","templated":true}]}}